{"id":79,"date":"2023-05-04T08:34:49","date_gmt":"2023-05-04T08:34:49","guid":{"rendered":"https:\/\/contenidosprofesionales.com\/?p=79"},"modified":"2023-05-04T08:34:49","modified_gmt":"2023-05-04T08:34:49","slug":"el-museo-nacional-del-prado-inaugura-la-nueva-temporada-de-pinceladas-sonoras","status":"publish","type":"post","link":"https:\/\/contenidosprofesionales.com\/?p=79","title":{"rendered":"El Museo Nacional del Prado inaugura la nueva temporada de \u201cPinceladas sonoras\u201d"},"content":{"rendered":"<p>El Museo Nacional del Prado inaugura la nueva temporada de \u201cPinceladas sonoras\u201d, el programa musical que enriquece la visita a la Colecci\u00f3n Jueves, 30 de marzo de 2023<\/p>\n<p>\u201cPinceladas sonoras\u201d, una experiencia que enriquece la visita al Prado mediante el disfrute simult\u00e1neo de las artes visuales y la m\u00fasica, y apoya a los j\u00f3venes con talento en su desarrollo personal y art\u00edstico de la mano de Amazon, comienza una nueva temporada con la joven pianista Natalie Schwamova.<\/p>\n<p>En la sala 51 del edificio Villanueva Cristina Sanz Hern\u00e1n interpreta El Pelele de E. Granados y comparte con Natalie Schwamova la ejecuci\u00f3n a cuatro manos de Menuet de la \u201cPetit Suite\u201d de C. Debussy, cedi\u00e9ndole el testigo para que ella interprete La maja y el ruise\u00f1or de E. Granados.<\/p>\n<p>Natalie Schwamova asume durante un a\u00f1o el dise\u00f1o e interpretaci\u00f3n, dos d\u00edas a la semana, de un programa musical que continuar\u00e1 variando y recorriendo, mensualmente, distintas salas del edificio Villanueva. Cada d\u00eda, el Museo ofrecer\u00e1 al p\u00fablico tres pases (12.00, 13.00 y 16.00 h.) de una duraci\u00f3n aproximada de 20 minutos.<\/p>\n<p><img loading=\"lazy\" decoding=\"async\" class=\"alignnone size-medium wp-image-80\" src=\"https:\/\/contenidosprofesionales.com\/wp-content\/uploads\/2023\/05\/pinceladas-300x221.jpg\" alt=\"\" width=\"300\" height=\"221\" srcset=\"https:\/\/contenidosprofesionales.com\/wp-content\/uploads\/2023\/05\/pinceladas-300x221.jpg 300w, https:\/\/contenidosprofesionales.com\/wp-content\/uploads\/2023\/05\/pinceladas-768x565.jpg 768w, https:\/\/contenidosprofesionales.com\/wp-content\/uploads\/2023\/05\/pinceladas.jpg 948w\" sizes=\"auto, (max-width: 300px) 100vw, 300px\" \/><\/p>\n<p>Planta baja del edificio Villanueva (sala 51). Foto \u00a9 Museo Nacional del Prado<\/p>\n","protected":false},"excerpt":{"rendered":"<p>El Museo Nacional del Prado inaugura la nueva temporada de \u201cPinceladas sonoras\u201d, el programa musical que enriquece la visita a la Colecci\u00f3n Jueves, 30 de marzo de 2023 \u201cPinceladas sonoras\u201d, una experiencia que enriquece la visita al Prado mediante el disfrute simult\u00e1neo de las artes visuales y la m\u00fasica, y apoya a los j\u00f3venes con [&hellip;]<\/p>\n","protected":false},"author":1,"featured_media":80,"comment_status":"open","ping_status":"open","sticky":false,"template":"","format":"standard","meta":{"footnotes":""},"categories":[4],"tags":[],"class_list":["post-79","post","type-post","status-publish","format-standard","has-post-thumbnail","hentry","category-cultura"],"_links":{"self":[{"href":"https:\/\/contenidosprofesionales.com\/index.php?rest_route=\/wp\/v2\/posts\/79","targetHints":{"allow":["GET"]}}],"collection":[{"href":"https:\/\/contenidosprofesionales.com\/index.php?rest_route=\/wp\/v2\/posts"}],"about":[{"href":"https:\/\/contenidosprofesionales.com\/index.php?rest_route=\/wp\/v2\/types\/post"}],"author":[{"embeddable":true,"href":"https:\/\/contenidosprofesionales.com\/index.php?rest_route=\/wp\/v2\/users\/1"}],"replies":[{"embeddable":true,"href":"https:\/\/contenidosprofesionales.com\/index.php?rest_route=%2Fwp%2Fv2%2Fcomments&post=79"}],"version-history":[{"count":1,"href":"https:\/\/contenidosprofesionales.com\/index.php?rest_route=\/wp\/v2\/posts\/79\/revisions"}],"predecessor-version":[{"id":81,"href":"https:\/\/contenidosprofesionales.com\/index.php?rest_route=\/wp\/v2\/posts\/79\/revisions\/81"}],"wp:featuredmedia":[{"embeddable":true,"href":"https:\/\/contenidosprofesionales.com\/index.php?rest_route=\/wp\/v2\/media\/80"}],"wp:attachment":[{"href":"https:\/\/contenidosprofesionales.com\/index.php?rest_route=%2Fwp%2Fv2%2Fmedia&parent=79"}],"wp:term":[{"taxonomy":"category","embeddable":true,"href":"https:\/\/contenidosprofesionales.com\/index.php?rest_route=%2Fwp%2Fv2%2Fcategories&post=79"},{"taxonomy":"post_tag","embeddable":true,"href":"https:\/\/contenidosprofesionales.com\/index.php?rest_route=%2Fwp%2Fv2%2Ftags&post=79"}],"curies":[{"name":"wp","href":"https:\/\/api.w.org\/{rel}","templated":true}]}}