{"id":65,"date":"2023-04-30T18:35:54","date_gmt":"2023-04-30T18:35:54","guid":{"rendered":"https:\/\/contenidosprofesionales.com\/?p=65"},"modified":"2023-04-30T18:35:54","modified_gmt":"2023-04-30T18:35:54","slug":"gran-vigilia-diocesana-en-el-marco-del-centenario-de-la-coronacion-de-la-virgen-de-los-desamparados","status":"publish","type":"post","link":"https:\/\/contenidosprofesionales.com\/?p=65","title":{"rendered":"Gran Vigilia Diocesana en el marco del Centenario de la Coronaci\u00f3n de la Virgen de los Desamparados"},"content":{"rendered":"<p class=\"p1\"><img loading=\"lazy\" decoding=\"async\" class=\"alignnone size-medium wp-image-68 alignleft\" src=\"https:\/\/contenidosprofesionales.com\/wp-content\/uploads\/2023\/04\/844DC894-DA32-411B-A838-7C43333BCFBA-258x300.jpeg\" alt=\"\" width=\"258\" height=\"300\" srcset=\"https:\/\/contenidosprofesionales.com\/wp-content\/uploads\/2023\/04\/844DC894-DA32-411B-A838-7C43333BCFBA-258x300.jpeg 258w, https:\/\/contenidosprofesionales.com\/wp-content\/uploads\/2023\/04\/844DC894-DA32-411B-A838-7C43333BCFBA.jpeg 750w\" sizes=\"auto, (max-width: 258px) 100vw, 258px\" \/><\/p>\n<p class=\"p1\"><span class=\"s1\">12.000 personas participan en la Gran Vigilia Diocesana en el marco del Centenario de la Coronaci\u00f3n de la Virgen de los Desamparados<\/span><\/p>\n<p class=\"p1\"><span class=\"s3\">El Arzobispo de Valencia, monse\u00f1or Enrique Benavent, presidi\u00f3 anoche una multitudinaria y emotiva Gran Vigilia Diocesana, celebrada en la plaza de Toros en el marco del Centenario de la Coronaci\u00f3n de la Virgen de los Desamparados. <\/span><\/p>\n<p class=\"p1\"><span class=\"s3\">Ante una plaza abarrotada- con la participaci\u00f3n de 12.000 personas- y volcada con enorme devoci\u00f3n ante la presencia de la imagen peregrina de la Virgen de los Desamparados, monse\u00f1or Benavent quiso agradecer en primer lugar el trabajo e implicaci\u00f3n de \u201ctodos los que hab\u00e9is preparado con ilusi\u00f3n esta Vigilia diocesana, a todos los que hab\u00e9is animado, participado y preparado este encuentro, iniciativa impulsada por el cardenal Antonio Ca\u00f1izares\u201d.<\/span><\/p>\n<p class=\"p1\"><span class=\"s3\">En su homil\u00eda el Arzobispo hizo referencia a los cinco testimonios de religiosas, de laicos, de un sacerdote. As\u00ed, \u201cel fruto de la gracia en Mar\u00eda es la humildad\u201d porque \u201cel hecho de haber sido elegida para ser la madre del Mes\u00edas no la lleva a sentirse superior a los dem\u00e1s ni le lleva a pensar que si Dios la ha elegido a Ella es porque se lo merece m\u00e1s- Ella no proclama sus grandezas sino las grandezas del Se\u00f1or\u201d. Igualmente, \u201cel fruto de la gracia en Mar\u00eda es la caridad: no solo se alegra por lo que Dios ha hecho en Ella sino porque a trav\u00e9s de su persona y del Hijo que lleva en sus entra\u00f1as Dios derrama su bendici\u00f3n sobre todos, sobre los hambrientos, los pobres, sobre todos los que se sienten desamparados y sobre toda la humanidad\u201d. Tambi\u00e9n, \u201cel fruto de la gracia en Mar\u00eda es la alegr\u00eda, una alegr\u00eda en el Se\u00f1or\u201d, y, la fidelidad, porque \u201csu camino de fe no fue f\u00e1cil &#8211; como el de los testimonios que hemos escuchado\u201d.\u00a0 A menudo \u201cnos encontramos en la desesperanza pero Mar\u00eda fue fiel y no dej\u00f3 de confiar en Dios, no dud\u00f3 del s\u00ed que le hab\u00eda dicho a Dios\u201d.<\/span><\/p>\n<p class=\"p1\"><span class=\"s3\">A continuaci\u00f3n, monse\u00f1or Benavent record\u00f3 en lengua valenciana c\u00f3mo \u201cen terres valencianes la fe por vos no mor i vostra imatge santa porte sempre en lo cor\u201d para afirmar que \u201cla pres\u00e8ncia de la Mare de D\u00e9u, la paraula que hem escoltat, els moments d&#8217;oraci\u00f3 que hem viscut, han tocat el nostre cor, el cor de tots els que hui estem en aquesta pla\u00e7a de Bous. <\/span><\/p>\n<p class=\"p1\"><span class=\"s3\">La imagen procesional de la Virgen de los Desamparados lleg\u00f3 en su \u201cmarem\u00f3vil\u201d hasta la Plaza de Toros y entr\u00f3 en el coso taurino, donde fue recibida con una\u00a0 gran ovaci\u00f3n y aplausos del p\u00fablico, y despu\u00e9s miembros de los Seguidores de la Virgen la llevaron en andas hasta el escenario donde fue colocada.\u00a0<\/span><\/p>\n<p class=\"p1\"><span class=\"s3\">La Gran Vigilia se desarroll\u00f3 en un ambiente festivo y de celebraci\u00f3n, en torno a la imagen de la Mare de D\u00e9u, con canciones y animaci\u00f3n, por un lado, y con recogimiento y oraci\u00f3n en su segunda parte.<\/span><\/p>\n<p class=\"p1\"><span class=\"s3\">El acto comenz\u00f3 con el rezo de tres misterios del Rosario acompa\u00f1ados de distintos testimonios y posteriormente la Gran Vigilia continu\u00f3 con la procesi\u00f3n y exposici\u00f3n del Sant\u00edsimo, el canto del Aleluya y la proclamaci\u00f3n del Evangelio, seguida por la homil\u00eda a modo de reflexi\u00f3n por parte del Arzobispo de Valencia.<\/span><\/p>\n<p class=\"p1\"><span class=\"s3\">Despu\u00e9s, tras un silencio meditativo, tuvo lugar el estreno de la canci\u00f3n eucar\u00edstica \u201cVen y Adora\u201d compuesta para la Gran Vigilia e interpretada por el coro diocesano que se ha formado expresamente para este acto, compuesto por 30 voces, de distintos movimientos y realidades de la Di\u00f3cesis, y religiosas de las Siervas del Hogar de la Madre, responsables del coro.<\/span><\/p>\n<p class=\"p1\"><span class=\"s3\">Tras la reserva del Sant\u00edsimo, el Arzobispo dirigi\u00f3 el rezo del Padrenuestro e imparti\u00f3 la bendici\u00f3n, en presencia tambi\u00e9n del Obispo auxiliar de Valencia, monse\u00f1or Arturo Ros, el cardenal Antonio Ca\u00f1izares, y los Obispos auxiliares em\u00e9ritos monse\u00f1or Javier Salinas y monse\u00f1or Esteban Escudero. Igualmente tomaron parte en la Gran Vigilia el Vicario General del Arzobispado, Vicente Fontestad, y el rector y vicerrector de la Bas\u00edlica de la Virgen, Melchor Segu\u00ed y \u00c1lvaro Almenar, respectivamente, entre otros sacerdotes, vicarios episcopales y religiosos. <\/span><\/p>\n<p class=\"p1\"><span class=\"s3\">El final de la Gran Vigilia consisti\u00f3 en una ofrenda de flores ante la imagen de la Patrona por parte de varias personas, en representaci\u00f3n de los distintos movimientos y realidades diocesanas: un sacerdote y una religiosa; una familia de tres generaciones; ni\u00f1os y j\u00f3venes; y por \u00faltimo, el Arzobispo, con el ofrecimiento de toda la Di\u00f3cesis.<\/span><\/p>\n<p class=\"p1\"><span class=\"s3\"><br \/>\nPara finalizar, tras el canto del \u201cHimno de la Coronaci\u00f3n\u201d por miles de voces emocionadas en la Plaza de Toros, la imagen procesional de la Virgen realiz\u00f3 una vuelta al ruedo, aplaudida y ovacionada con vivas y dedicatorias de numerosas personas, y sali\u00f3 por la puerta grande del coso regresando as\u00ed a su Bas\u00edlica de nuevo en su \u201cmarem\u00f3vil\u201d.<br \/>\n<\/span><\/p>\n<p><img loading=\"lazy\" decoding=\"async\" class=\"alignnone size-medium wp-image-66\" src=\"https:\/\/contenidosprofesionales.com\/wp-content\/uploads\/2023\/04\/12B4EC5A-9D6A-4D04-AA2C-5073A4A2C3E9-300x200.jpeg\" alt=\"\" width=\"300\" height=\"200\" srcset=\"https:\/\/contenidosprofesionales.com\/wp-content\/uploads\/2023\/04\/12B4EC5A-9D6A-4D04-AA2C-5073A4A2C3E9-300x200.jpeg 300w, https:\/\/contenidosprofesionales.com\/wp-content\/uploads\/2023\/04\/12B4EC5A-9D6A-4D04-AA2C-5073A4A2C3E9-1024x683.jpeg 1024w, https:\/\/contenidosprofesionales.com\/wp-content\/uploads\/2023\/04\/12B4EC5A-9D6A-4D04-AA2C-5073A4A2C3E9-768x512.jpeg 768w, https:\/\/contenidosprofesionales.com\/wp-content\/uploads\/2023\/04\/12B4EC5A-9D6A-4D04-AA2C-5073A4A2C3E9-1536x1024.jpeg 1536w, https:\/\/contenidosprofesionales.com\/wp-content\/uploads\/2023\/04\/12B4EC5A-9D6A-4D04-AA2C-5073A4A2C3E9-2048x1365.jpeg 2048w\" sizes=\"auto, (max-width: 300px) 100vw, 300px\" \/><\/p>\n<p><img loading=\"lazy\" decoding=\"async\" class=\"alignnone size-medium wp-image-67\" src=\"https:\/\/contenidosprofesionales.com\/wp-content\/uploads\/2023\/04\/6B983E3A-F1DB-4D79-935D-9FCD508D9719-300x200.jpeg\" alt=\"\" width=\"300\" height=\"200\" srcset=\"https:\/\/contenidosprofesionales.com\/wp-content\/uploads\/2023\/04\/6B983E3A-F1DB-4D79-935D-9FCD508D9719-300x200.jpeg 300w, https:\/\/contenidosprofesionales.com\/wp-content\/uploads\/2023\/04\/6B983E3A-F1DB-4D79-935D-9FCD508D9719-1024x683.jpeg 1024w, https:\/\/contenidosprofesionales.com\/wp-content\/uploads\/2023\/04\/6B983E3A-F1DB-4D79-935D-9FCD508D9719-768x512.jpeg 768w, https:\/\/contenidosprofesionales.com\/wp-content\/uploads\/2023\/04\/6B983E3A-F1DB-4D79-935D-9FCD508D9719-1536x1024.jpeg 1536w, https:\/\/contenidosprofesionales.com\/wp-content\/uploads\/2023\/04\/6B983E3A-F1DB-4D79-935D-9FCD508D9719-2048x1365.jpeg 2048w\" sizes=\"auto, (max-width: 300px) 100vw, 300px\" \/><\/p>\n<p class=\"p1\"><span class=\"s4\">Informa: AVAN<br \/>\n<\/span><span class=\"s4\">Fotos: V Guti\u00e9rrez <\/span><\/p>\n","protected":false},"excerpt":{"rendered":"<p>12.000 personas participan en la Gran Vigilia Diocesana en el marco del Centenario de la Coronaci\u00f3n de la Virgen de los Desamparados El Arzobispo de Valencia, monse\u00f1or Enrique Benavent, presidi\u00f3 anoche una multitudinaria y emotiva Gran Vigilia Diocesana, celebrada en la plaza de Toros en el marco del Centenario de la Coronaci\u00f3n de la Virgen [&hellip;]<\/p>\n","protected":false},"author":1,"featured_media":68,"comment_status":"open","ping_status":"open","sticky":false,"template":"","format":"standard","meta":{"footnotes":""},"categories":[3],"tags":[],"class_list":["post-65","post","type-post","status-publish","format-standard","has-post-thumbnail","hentry","category-noticias"],"_links":{"self":[{"href":"https:\/\/contenidosprofesionales.com\/index.php?rest_route=\/wp\/v2\/posts\/65","targetHints":{"allow":["GET"]}}],"collection":[{"href":"https:\/\/contenidosprofesionales.com\/index.php?rest_route=\/wp\/v2\/posts"}],"about":[{"href":"https:\/\/contenidosprofesionales.com\/index.php?rest_route=\/wp\/v2\/types\/post"}],"author":[{"embeddable":true,"href":"https:\/\/contenidosprofesionales.com\/index.php?rest_route=\/wp\/v2\/users\/1"}],"replies":[{"embeddable":true,"href":"https:\/\/contenidosprofesionales.com\/index.php?rest_route=%2Fwp%2Fv2%2Fcomments&post=65"}],"version-history":[{"count":1,"href":"https:\/\/contenidosprofesionales.com\/index.php?rest_route=\/wp\/v2\/posts\/65\/revisions"}],"predecessor-version":[{"id":69,"href":"https:\/\/contenidosprofesionales.com\/index.php?rest_route=\/wp\/v2\/posts\/65\/revisions\/69"}],"wp:featuredmedia":[{"embeddable":true,"href":"https:\/\/contenidosprofesionales.com\/index.php?rest_route=\/wp\/v2\/media\/68"}],"wp:attachment":[{"href":"https:\/\/contenidosprofesionales.com\/index.php?rest_route=%2Fwp%2Fv2%2Fmedia&parent=65"}],"wp:term":[{"taxonomy":"category","embeddable":true,"href":"https:\/\/contenidosprofesionales.com\/index.php?rest_route=%2Fwp%2Fv2%2Fcategories&post=65"},{"taxonomy":"post_tag","embeddable":true,"href":"https:\/\/contenidosprofesionales.com\/index.php?rest_route=%2Fwp%2Fv2%2Ftags&post=65"}],"curies":[{"name":"wp","href":"https:\/\/api.w.org\/{rel}","templated":true}]}}