{"id":49,"date":"2023-04-14T11:41:28","date_gmt":"2023-04-14T11:41:28","guid":{"rendered":"https:\/\/contenidosprofesionales.com\/?p=49"},"modified":"2023-04-14T11:41:28","modified_gmt":"2023-04-14T11:41:28","slug":"el-ayuntamiento-aprueba-la-convocatoria-para-el-diseno-de-la-imagen-grafica-de-la-gran-feria","status":"publish","type":"post","link":"https:\/\/contenidosprofesionales.com\/?p=49","title":{"rendered":"El Ayuntamiento aprueba la convocatoria para el dise\u00f1o de la imagen gr\u00e1fica de la Gran Feria"},"content":{"rendered":"<p>El Ayuntamiento aprueba la convocatoria para el dise\u00f1o de la imagen gr\u00e1fica de la Gran Feria<\/p>\n<blockquote><p><img loading=\"lazy\" decoding=\"async\" class=\"alignnone size-medium wp-image-50\" src=\"https:\/\/contenidosprofesionales.com\/wp-content\/uploads\/2023\/04\/firavalencia22-213x300.jpg\" alt=\"\" width=\"213\" height=\"300\" srcset=\"https:\/\/contenidosprofesionales.com\/wp-content\/uploads\/2023\/04\/firavalencia22-213x300.jpg 213w, https:\/\/contenidosprofesionales.com\/wp-content\/uploads\/2023\/04\/firavalencia22.jpg 627w\" sizes=\"auto, (max-width: 213px) 100vw, 213px\" \/><\/p>\n<p>Cartel 2022<\/p><\/blockquote>\n<p>La Concejal\u00eda de Cultura Festiva, con el apoyo de la Asociaci\u00f3n de Dise\u00f1adores de la Comunitat Valenciana, la Asociaci\u00f3n de Profesionales de la Ilustraci\u00f3n Valenciana y la Asociaci\u00f3n de Empresas de Comunicaci\u00f3n Publicitaria de la Comunitat Valenciana, lanza una convocatoria abierta a empresas y profesionales del dise\u00f1o, la ilustraci\u00f3n y la comunicaci\u00f3n para la creatividad de la campa\u00f1a gr\u00e1fica de la Gran Feria de Val\u00e8ncia 2023.<\/p>\n<p>Podr\u00e1n concurrir a la convocatoria los profesionales, estudios de dise\u00f1o e ilustraci\u00f3n, agencias de publicidad y empresas del sector.<\/p>\n<p>Las empresas y personas interesadas en presentarse deben enviar su documentaci\u00f3n, que incluir\u00e1 tambi\u00e9n dosier de trabajo y curr\u00edculum, a la direcci\u00f3n de correo electr\u00f3nico secfiestas@valencia.es con la indicaci\u00f3n de que se trata de la creatividad de la campa\u00f1a gr\u00e1fica de la Gran Feria de Val\u00e8ncia 2023. El plazo para el env\u00edo de candidaturas ser\u00e1 de doce d\u00edas naturales que empezar\u00e1n al d\u00eda siguiente de la publicaci\u00f3n de las bases en el tabl\u00f3n de edictos del Ayuntamiento de Val\u00e8ncia.<\/p>\n<p>El comit\u00e9 de selecci\u00f3n de la campa\u00f1a gr\u00e1fica estar\u00e1 integrado por el concejal de Cultura Festiva, tres profesionales del sector y el dise\u00f1ador de la imagen gr\u00e1fica ganadora el a\u00f1o pasado. Entre todas las candidaturas presentadas, el jurado valorar\u00e1 la experiencia en proyectos similares, la calidad de los trabajos desarrollados, la originalidad y la creatividad.<\/p>\n<p>La persona o empresa adjudicataria podr\u00e1 recibir 17.545 euros, IVA incluido, por la ejecuci\u00f3n de la creatividad y las adaptaciones b\u00e1sicas de la imagen para la publicidad exterior en MUPIS y marquesinas de autob\u00fas, en lonas y banderines para la instalaci\u00f3n en los escenarios, la producci\u00f3n para medios de comunicaci\u00f3n, redes sociales y p\u00e1gina web, los programas de mano y la ropa de trabajo, entre otros formatos.<\/p>\n<p>El concejal de Cultura Festiva, Pere Fuset, ha destacado que \u201cla Gran Feria de Val\u00e8ncia, una de las celebraciones m\u00e1s importantes del calendario festivo de Val\u00e8ncia, engloba muchas otras actividades como el ciclo de fuegos artificiales, la correfira en los barrios y otros actos importantes, como la noche en el mar\u201d. Fuset ha a\u00f1adido que, \u201ceste a\u00f1o, la imagen de la Feria tendr\u00e1 un proceso de selecci\u00f3n parecido al que ya hay en Fallas. Abrimos ahora la convocatoria para que todos los profesionales valencianos del dise\u00f1o, de la ilustraci\u00f3n o de la comunicaci\u00f3n puedan presentar sus propuestas y que sea un comit\u00e9 t\u00e9cnico el que valore la candidatura que realizar\u00e1 el cartel de la Gran Feria de Val\u00e8ncia 2023\u201d.<\/p>\n","protected":false},"excerpt":{"rendered":"<p>El Ayuntamiento aprueba la convocatoria para el dise\u00f1o de la imagen gr\u00e1fica de la Gran Feria Cartel 2022 La Concejal\u00eda de Cultura Festiva, con el apoyo de la Asociaci\u00f3n de Dise\u00f1adores de la Comunitat Valenciana, la Asociaci\u00f3n de Profesionales de la Ilustraci\u00f3n Valenciana y la Asociaci\u00f3n de Empresas de Comunicaci\u00f3n Publicitaria de la Comunitat Valenciana, [&hellip;]<\/p>\n","protected":false},"author":1,"featured_media":50,"comment_status":"open","ping_status":"open","sticky":false,"template":"","format":"standard","meta":{"footnotes":""},"categories":[3],"tags":[],"class_list":["post-49","post","type-post","status-publish","format-standard","has-post-thumbnail","hentry","category-noticias"],"_links":{"self":[{"href":"https:\/\/contenidosprofesionales.com\/index.php?rest_route=\/wp\/v2\/posts\/49","targetHints":{"allow":["GET"]}}],"collection":[{"href":"https:\/\/contenidosprofesionales.com\/index.php?rest_route=\/wp\/v2\/posts"}],"about":[{"href":"https:\/\/contenidosprofesionales.com\/index.php?rest_route=\/wp\/v2\/types\/post"}],"author":[{"embeddable":true,"href":"https:\/\/contenidosprofesionales.com\/index.php?rest_route=\/wp\/v2\/users\/1"}],"replies":[{"embeddable":true,"href":"https:\/\/contenidosprofesionales.com\/index.php?rest_route=%2Fwp%2Fv2%2Fcomments&post=49"}],"version-history":[{"count":1,"href":"https:\/\/contenidosprofesionales.com\/index.php?rest_route=\/wp\/v2\/posts\/49\/revisions"}],"predecessor-version":[{"id":51,"href":"https:\/\/contenidosprofesionales.com\/index.php?rest_route=\/wp\/v2\/posts\/49\/revisions\/51"}],"wp:featuredmedia":[{"embeddable":true,"href":"https:\/\/contenidosprofesionales.com\/index.php?rest_route=\/wp\/v2\/media\/50"}],"wp:attachment":[{"href":"https:\/\/contenidosprofesionales.com\/index.php?rest_route=%2Fwp%2Fv2%2Fmedia&parent=49"}],"wp:term":[{"taxonomy":"category","embeddable":true,"href":"https:\/\/contenidosprofesionales.com\/index.php?rest_route=%2Fwp%2Fv2%2Fcategories&post=49"},{"taxonomy":"post_tag","embeddable":true,"href":"https:\/\/contenidosprofesionales.com\/index.php?rest_route=%2Fwp%2Fv2%2Ftags&post=49"}],"curies":[{"name":"wp","href":"https:\/\/api.w.org\/{rel}","templated":true}]}}