{"id":42,"date":"2023-04-13T18:56:15","date_gmt":"2023-04-13T18:56:15","guid":{"rendered":"https:\/\/contenidosprofesionales.com\/?p=42"},"modified":"2023-04-13T19:02:40","modified_gmt":"2023-04-13T19:02:40","slug":"exposicio-multimedia-dona-concha-fins-al-11-de-juny","status":"publish","type":"post","link":"https:\/\/contenidosprofesionales.com\/?p=42","title":{"rendered":"Exposici\u00f3 multim\u00e8dia &#8216;Do\u00f1a Concha&#8217;, fins a l\u201911 de juny"},"content":{"rendered":"<blockquote>\n<p class=\"p1\"><span class=\"s1\"><img loading=\"lazy\" decoding=\"async\" class=\"alignnone size-medium wp-image-43\" src=\"https:\/\/contenidosprofesionales.com\/wp-content\/uploads\/2023\/04\/341A5E6F-CA43-4857-B36C-A3C0E0620B1E-300x225.jpeg\" alt=\"\" width=\"300\" height=\"225\" srcset=\"https:\/\/contenidosprofesionales.com\/wp-content\/uploads\/2023\/04\/341A5E6F-CA43-4857-B36C-A3C0E0620B1E-300x225.jpeg 300w, https:\/\/contenidosprofesionales.com\/wp-content\/uploads\/2023\/04\/341A5E6F-CA43-4857-B36C-A3C0E0620B1E-768x576.jpeg 768w, https:\/\/contenidosprofesionales.com\/wp-content\/uploads\/2023\/04\/341A5E6F-CA43-4857-B36C-A3C0E0620B1E.jpeg 960w\" sizes=\"auto, (max-width: 300px) 100vw, 300px\" \/> <img loading=\"lazy\" decoding=\"async\" class=\"alignnone size-medium wp-image-44\" src=\"https:\/\/contenidosprofesionales.com\/wp-content\/uploads\/2023\/04\/1822AE91-10E3-478F-AFDC-2FAE234B34BC-300x225.jpeg\" alt=\"\" width=\"300\" height=\"225\" srcset=\"https:\/\/contenidosprofesionales.com\/wp-content\/uploads\/2023\/04\/1822AE91-10E3-478F-AFDC-2FAE234B34BC-300x225.jpeg 300w, https:\/\/contenidosprofesionales.com\/wp-content\/uploads\/2023\/04\/1822AE91-10E3-478F-AFDC-2FAE234B34BC-768x576.jpeg 768w, https:\/\/contenidosprofesionales.com\/wp-content\/uploads\/2023\/04\/1822AE91-10E3-478F-AFDC-2FAE234B34BC.jpeg 960w\" sizes=\"auto, (max-width: 300px) 100vw, 300px\" \/> <img loading=\"lazy\" decoding=\"async\" class=\"alignnone size-medium wp-image-45\" src=\"https:\/\/contenidosprofesionales.com\/wp-content\/uploads\/2023\/04\/6C05763B-E655-4A86-9FBF-B2C997456F89-240x300.jpeg\" alt=\"\" width=\"240\" height=\"300\" srcset=\"https:\/\/contenidosprofesionales.com\/wp-content\/uploads\/2023\/04\/6C05763B-E655-4A86-9FBF-B2C997456F89-240x300.jpeg 240w, https:\/\/contenidosprofesionales.com\/wp-content\/uploads\/2023\/04\/6C05763B-E655-4A86-9FBF-B2C997456F89-820x1024.jpeg 820w, https:\/\/contenidosprofesionales.com\/wp-content\/uploads\/2023\/04\/6C05763B-E655-4A86-9FBF-B2C997456F89-768x959.jpeg 768w, https:\/\/contenidosprofesionales.com\/wp-content\/uploads\/2023\/04\/6C05763B-E655-4A86-9FBF-B2C997456F89.jpeg 827w\" sizes=\"auto, (max-width: 240px) 100vw, 240px\" \/> <img loading=\"lazy\" decoding=\"async\" class=\"alignnone size-medium wp-image-46\" src=\"https:\/\/contenidosprofesionales.com\/wp-content\/uploads\/2023\/04\/B21AE289-6B61-4DF1-88B4-0973C0F01234-300x225.jpeg\" alt=\"\" width=\"300\" height=\"225\" srcset=\"https:\/\/contenidosprofesionales.com\/wp-content\/uploads\/2023\/04\/B21AE289-6B61-4DF1-88B4-0973C0F01234-300x225.jpeg 300w, https:\/\/contenidosprofesionales.com\/wp-content\/uploads\/2023\/04\/B21AE289-6B61-4DF1-88B4-0973C0F01234-768x576.jpeg 768w, https:\/\/contenidosprofesionales.com\/wp-content\/uploads\/2023\/04\/B21AE289-6B61-4DF1-88B4-0973C0F01234.jpeg 960w\" sizes=\"auto, (max-width: 300px) 100vw, 300px\" \/>Exposici\u00f3 multim\u00e8dia &#8216;Do\u00f1a Concha&#8217;, fins al 11 de juny <\/span><\/p>\n<\/blockquote>\n<p class=\"p1\"><span class=\"s1\">La ciutat del Turia reivindica la figura de #ConchaPiquer amb l&#8217;exposici\u00f3 multim\u00e8dia &#8216;Do\u00f1a Concha&#8217;, que reconeix i valora l&#8217;artista com a dona empoderada en l&#8217;escenari de postguerra.<\/span><\/p>\n<p class=\"p1\"><span class=\"s1\">La mostra reflexiona sobre la copla i la cantant valenciana a partir d&#8217;un c\u00f2mic de Carla Berrocal.<\/span><\/p>\n<p class=\"p1\"><span class=\"s1\">Acosta&#8217;t i redescobrix la cantant!<\/span><\/p>\n<p class=\"p1\"><span class=\"s1\">Sala d&#8217;Exposicions Municipal-c\/Arquebisbe Mayoral, 1<\/span><\/p>\n<p class=\"p1\"><span class=\"s1\">De 10 a 19 h<\/span><\/p>\n<p class=\"p1\"><span class=\"s1\">Festius, de 10 a 14 h<\/span><\/p>\n<p class=\"p1\"><span class=\"s1\">Fins a l&#8217;11 de juny<\/span><\/p>\n<p>&nbsp;<\/p>\n<p>&nbsp;<\/p>\n","protected":false},"excerpt":{"rendered":"<p>Exposici\u00f3 multim\u00e8dia &#8216;Do\u00f1a Concha&#8217;, fins al 11 de juny La ciutat del Turia reivindica la figura de #ConchaPiquer amb l&#8217;exposici\u00f3 multim\u00e8dia &#8216;Do\u00f1a Concha&#8217;, que reconeix i valora l&#8217;artista com a dona empoderada en l&#8217;escenari de postguerra. La mostra reflexiona sobre la copla i la cantant valenciana a partir d&#8217;un c\u00f2mic de Carla Berrocal. Acosta&#8217;t i [&hellip;]<\/p>\n","protected":false},"author":1,"featured_media":43,"comment_status":"open","ping_status":"open","sticky":false,"template":"","format":"standard","meta":{"footnotes":""},"categories":[3],"tags":[],"class_list":["post-42","post","type-post","status-publish","format-standard","has-post-thumbnail","hentry","category-noticias"],"_links":{"self":[{"href":"https:\/\/contenidosprofesionales.com\/index.php?rest_route=\/wp\/v2\/posts\/42","targetHints":{"allow":["GET"]}}],"collection":[{"href":"https:\/\/contenidosprofesionales.com\/index.php?rest_route=\/wp\/v2\/posts"}],"about":[{"href":"https:\/\/contenidosprofesionales.com\/index.php?rest_route=\/wp\/v2\/types\/post"}],"author":[{"embeddable":true,"href":"https:\/\/contenidosprofesionales.com\/index.php?rest_route=\/wp\/v2\/users\/1"}],"replies":[{"embeddable":true,"href":"https:\/\/contenidosprofesionales.com\/index.php?rest_route=%2Fwp%2Fv2%2Fcomments&post=42"}],"version-history":[{"count":2,"href":"https:\/\/contenidosprofesionales.com\/index.php?rest_route=\/wp\/v2\/posts\/42\/revisions"}],"predecessor-version":[{"id":48,"href":"https:\/\/contenidosprofesionales.com\/index.php?rest_route=\/wp\/v2\/posts\/42\/revisions\/48"}],"wp:featuredmedia":[{"embeddable":true,"href":"https:\/\/contenidosprofesionales.com\/index.php?rest_route=\/wp\/v2\/media\/43"}],"wp:attachment":[{"href":"https:\/\/contenidosprofesionales.com\/index.php?rest_route=%2Fwp%2Fv2%2Fmedia&parent=42"}],"wp:term":[{"taxonomy":"category","embeddable":true,"href":"https:\/\/contenidosprofesionales.com\/index.php?rest_route=%2Fwp%2Fv2%2Fcategories&post=42"},{"taxonomy":"post_tag","embeddable":true,"href":"https:\/\/contenidosprofesionales.com\/index.php?rest_route=%2Fwp%2Fv2%2Ftags&post=42"}],"curies":[{"name":"wp","href":"https:\/\/api.w.org\/{rel}","templated":true}]}}