{"id":166,"date":"2025-05-23T13:48:57","date_gmt":"2025-05-23T13:48:57","guid":{"rendered":"https:\/\/contenidosprofesionales.com\/?p=166"},"modified":"2025-05-23T13:48:57","modified_gmt":"2025-05-23T13:48:57","slug":"lajuntament-promou-la-investigacio-i-difusio-de-la-cultura-valenciana-el-ayuntamiento-promueve-la-investigacion-y-difusion-de-la-cultura-valenciana","status":"publish","type":"post","link":"https:\/\/contenidosprofesionales.com\/?p=166","title":{"rendered":"L&#8217;Ajuntament promou la investigaci\u00f3 i difusi\u00f3 de la cultura valenciana &#8211; El Ayuntamiento promueve la investigaci\u00f3n y difusi\u00f3n de la cultura valenciana"},"content":{"rendered":"<p><img loading=\"lazy\" decoding=\"async\" class=\"alignnone size-medium wp-image-167\" src=\"https:\/\/contenidosprofesionales.com\/wp-content\/uploads\/2025\/05\/racv-300x173.jpg\" alt=\"\" width=\"300\" height=\"173\" srcset=\"https:\/\/contenidosprofesionales.com\/wp-content\/uploads\/2025\/05\/racv-300x173.jpg 300w, https:\/\/contenidosprofesionales.com\/wp-content\/uploads\/2025\/05\/racv-1024x592.jpg 1024w, https:\/\/contenidosprofesionales.com\/wp-content\/uploads\/2025\/05\/racv-768x444.jpg 768w, https:\/\/contenidosprofesionales.com\/wp-content\/uploads\/2025\/05\/racv.jpg 1124w\" sizes=\"auto, (max-width: 300px) 100vw, 300px\" \/><\/p>\n<p>La Junta de Govern ha acordat subvencionar, amb 75.000 euros, diferents activitats culturals de la Real Acad\u00e8mia de Cultura Valenciana. Entre les accions finan\u00e7ades es troba confer\u00e8ncies, exposicions i presentacions de llibres celebrades enguany, fins al pr\u00f2xim 31 d&#8217;octubre<\/p>\n<p>L&#8217;Ajuntament finan\u00e7ar\u00e0, amb 75.000 euros, diferents activitats desenvolupades per la Real Acad\u00e8mia de Cultura Valenciana (RACV) per a promoure la investigaci\u00f3 i difondre i publicar el resultat d&#8217;estos estudis amb la finalitat de defendre els valors del poble valenci\u00e0 i formar un arxiu i una biblioteca sobre temes espec\u00edfics d&#8217;este \u00e0mbit.<\/p>\n<p>Aix\u00ed es despr\u00e9n de l&#8217;acord de la Junta de Govern Local que ha decidit concedir una subvenci\u00f3 a esta entitat que, fundada en 1915 per la Diputaci\u00f3 de Val\u00e8ncia, celebra anualment, cada 3 de mar\u00e7, el Dia de la Llengua i la Cultura Valencianes en honor d&#8217;Ausi\u00e0s March, figura destacada de la literatura valenciana i referent de la llengua.<\/p>\n<p>A m\u00e9s d&#8217;esta commemoraci\u00f3, la subvenci\u00f3 de l&#8217;Ajuntament sufragar\u00e0, entre altres accions, presentacions de llibres, visites guiades, exposicions i confer\u00e8ncies que se celebren durant el present exercici, fins al pr\u00f2xim 31 d&#8217;octubre.<\/p>\n<p>El Ayuntamiento promueve la investigaci\u00f3n y difusi\u00f3n de la cultura valenciana<br \/>\nLa Junta de Gobierno ha acordado subvencionar, con 75.000 euros, distintas actividades culturales de la Real Acad\u00e8mia de Cultura Valenciana. Entre las acciones financiadas se encuentra conferencias, exposiciones y presentaciones de libros celebradas este a\u00f1o, hasta el pr\u00f3ximo 31 de octubre<\/p>\n<p>El Ayuntamiento financiar\u00e1, con 75.000 euros, distintas actividades desarrolladas por la Real Acad\u00e8mia de Cultura Valenciana (RACV) para promover la investigaci\u00f3n y difundir y publicar el resultado de estos estudios con el fin de defender los valores del pueblo valenciano y formar un archivo y una biblioteca sobre temas espec\u00edficos de este \u00e1mbito.<\/p>\n<p>As\u00ed se desprende del acuerdo de la Junta de Gobierno Local que ha decidido conceder una subvenci\u00f3n a dicha entidad que, fundada en 1915 por la Diputaci\u00f3n de Val\u00e8ncia, celebra anualmente, cada 3 de marzo, el Dia de la Llengua i la Cultura Valencianes en honor de Ausi\u00e0s March, figura destacada de la literatura valenciana y referente de la lengua.<\/p>\n<p>Adem\u00e1s de esta conmemoraci\u00f3n, la subvenci\u00f3n del Ayuntamiento sufragar\u00e1, entre otras acciones, presentaciones de libros, visitas guiadas, exposiciones y conferencias que se celebren durante el presente ejercicio, hasta el pr\u00f3ximo 31 de octubre.<\/p>\n","protected":false},"excerpt":{"rendered":"<p>La Junta de Govern ha acordat subvencionar, amb 75.000 euros, diferents activitats culturals de la Real Acad\u00e8mia de Cultura Valenciana. Entre les accions finan\u00e7ades es troba confer\u00e8ncies, exposicions i presentacions de llibres celebrades enguany, fins al pr\u00f2xim 31 d&#8217;octubre L&#8217;Ajuntament finan\u00e7ar\u00e0, amb 75.000 euros, diferents activitats desenvolupades per la Real Acad\u00e8mia de Cultura Valenciana (RACV) [&hellip;]<\/p>\n","protected":false},"author":1,"featured_media":167,"comment_status":"open","ping_status":"open","sticky":false,"template":"","format":"standard","meta":{"footnotes":""},"categories":[8,3],"tags":[],"class_list":["post-166","post","type-post","status-publish","format-standard","has-post-thumbnail","hentry","category-actualidad","category-noticias"],"_links":{"self":[{"href":"https:\/\/contenidosprofesionales.com\/index.php?rest_route=\/wp\/v2\/posts\/166","targetHints":{"allow":["GET"]}}],"collection":[{"href":"https:\/\/contenidosprofesionales.com\/index.php?rest_route=\/wp\/v2\/posts"}],"about":[{"href":"https:\/\/contenidosprofesionales.com\/index.php?rest_route=\/wp\/v2\/types\/post"}],"author":[{"embeddable":true,"href":"https:\/\/contenidosprofesionales.com\/index.php?rest_route=\/wp\/v2\/users\/1"}],"replies":[{"embeddable":true,"href":"https:\/\/contenidosprofesionales.com\/index.php?rest_route=%2Fwp%2Fv2%2Fcomments&post=166"}],"version-history":[{"count":1,"href":"https:\/\/contenidosprofesionales.com\/index.php?rest_route=\/wp\/v2\/posts\/166\/revisions"}],"predecessor-version":[{"id":168,"href":"https:\/\/contenidosprofesionales.com\/index.php?rest_route=\/wp\/v2\/posts\/166\/revisions\/168"}],"wp:featuredmedia":[{"embeddable":true,"href":"https:\/\/contenidosprofesionales.com\/index.php?rest_route=\/wp\/v2\/media\/167"}],"wp:attachment":[{"href":"https:\/\/contenidosprofesionales.com\/index.php?rest_route=%2Fwp%2Fv2%2Fmedia&parent=166"}],"wp:term":[{"taxonomy":"category","embeddable":true,"href":"https:\/\/contenidosprofesionales.com\/index.php?rest_route=%2Fwp%2Fv2%2Fcategories&post=166"},{"taxonomy":"post_tag","embeddable":true,"href":"https:\/\/contenidosprofesionales.com\/index.php?rest_route=%2Fwp%2Fv2%2Ftags&post=166"}],"curies":[{"name":"wp","href":"https:\/\/api.w.org\/{rel}","templated":true}]}}