{"id":149,"date":"2023-05-14T12:47:15","date_gmt":"2023-05-14T12:47:15","guid":{"rendered":"https:\/\/contenidosprofesionales.com\/?p=149"},"modified":"2023-05-14T12:47:15","modified_gmt":"2023-05-14T12:47:15","slug":"procesion-de-la-imagen-original-de-la-virgen-de-los-desamparados-desde-el-puente-del-real-hasta-la-basilica","status":"publish","type":"post","link":"https:\/\/contenidosprofesionales.com\/?p=149","title":{"rendered":"Procesi\u00f3n de la imagen original de la Virgen de los Desamparados desde el Puente del Real hasta la Bas\u00edlica"},"content":{"rendered":"<p>Procesi\u00f3n de la imagen original de la Virgen de los Desamparados desde el Puente del Real hasta la Bas\u00edlica<\/p>\n<p><strong>Pulsa en el enlace siguiente:<\/strong><\/p>\n<p><a href=\"https:\/\/contenidosprofesionales.com\/wp-content\/uploads\/2023\/05\/depreal-a-basilica2.mp4\" target=\"_blank\" rel=\"noopener\">Procesi\u00f3n de la imagen original de la Virgen de los Desamparados desde el Puente del Real hasta la Bas\u00edlica<br \/>\n<\/a>Informa AVAN<\/p>\n","protected":false},"excerpt":{"rendered":"<p>Procesi\u00f3n de la imagen original de la Virgen de los Desamparados desde el Puente del Real hasta la Bas\u00edlica Pulsa en el enlace siguiente: Procesi\u00f3n de la imagen original de la Virgen de los Desamparados desde el Puente del Real hasta la Bas\u00edlica Informa AVAN<\/p>\n","protected":false},"author":1,"featured_media":150,"comment_status":"open","ping_status":"open","sticky":false,"template":"","format":"standard","meta":{"footnotes":""},"categories":[7],"tags":[],"class_list":["post-149","post","type-post","status-publish","format-standard","has-post-thumbnail","hentry","category-fiestas-y-tradiciones"],"_links":{"self":[{"href":"https:\/\/contenidosprofesionales.com\/index.php?rest_route=\/wp\/v2\/posts\/149","targetHints":{"allow":["GET"]}}],"collection":[{"href":"https:\/\/contenidosprofesionales.com\/index.php?rest_route=\/wp\/v2\/posts"}],"about":[{"href":"https:\/\/contenidosprofesionales.com\/index.php?rest_route=\/wp\/v2\/types\/post"}],"author":[{"embeddable":true,"href":"https:\/\/contenidosprofesionales.com\/index.php?rest_route=\/wp\/v2\/users\/1"}],"replies":[{"embeddable":true,"href":"https:\/\/contenidosprofesionales.com\/index.php?rest_route=%2Fwp%2Fv2%2Fcomments&post=149"}],"version-history":[{"count":1,"href":"https:\/\/contenidosprofesionales.com\/index.php?rest_route=\/wp\/v2\/posts\/149\/revisions"}],"predecessor-version":[{"id":152,"href":"https:\/\/contenidosprofesionales.com\/index.php?rest_route=\/wp\/v2\/posts\/149\/revisions\/152"}],"wp:featuredmedia":[{"embeddable":true,"href":"https:\/\/contenidosprofesionales.com\/index.php?rest_route=\/wp\/v2\/media\/150"}],"wp:attachment":[{"href":"https:\/\/contenidosprofesionales.com\/index.php?rest_route=%2Fwp%2Fv2%2Fmedia&parent=149"}],"wp:term":[{"taxonomy":"category","embeddable":true,"href":"https:\/\/contenidosprofesionales.com\/index.php?rest_route=%2Fwp%2Fv2%2Fcategories&post=149"},{"taxonomy":"post_tag","embeddable":true,"href":"https:\/\/contenidosprofesionales.com\/index.php?rest_route=%2Fwp%2Fv2%2Ftags&post=149"}],"curies":[{"name":"wp","href":"https:\/\/api.w.org\/{rel}","templated":true}]}}